{"id":371,"date":"2022-11-15T01:18:09","date_gmt":"2022-11-15T01:18:09","guid":{"rendered":"https:\/\/www.leynacionaldedanza.org\/?p=371"},"modified":"2023-05-02T21:21:05","modified_gmt":"2023-05-02T21:21:05","slug":"discurso-de-presentacion-del-movimiento-por-la-ley-nacional-de-danza","status":"publish","type":"post","link":"https:\/\/www.leynacionaldedanza.org\/?p=371","title":{"rendered":"DISCURSO DE PRESENTACI\u00d3N DEL MOVIMIENTO POR LA LEY NACIONAL DE DANZA"},"content":{"rendered":"\t\t<div data-elementor-type=\"wp-post\" data-elementor-id=\"371\" class=\"elementor elementor-371\">\n\t\t\t\t\t\t\t\t\t<section class=\"elementor-section elementor-top-section elementor-element elementor-element-fca5286 elementor-section-boxed elementor-section-height-default elementor-section-height-default\" data-id=\"fca5286\" data-element_type=\"section\">\n\t\t\t\t\t\t<div class=\"elementor-container elementor-column-gap-default\">\n\t\t\t\t\t<div class=\"elementor-column elementor-col-100 elementor-top-column elementor-element elementor-element-85d1782\" data-id=\"85d1782\" data-element_type=\"column\">\n\t\t\t<div class=\"elementor-widget-wrap elementor-element-populated\">\n\t\t\t\t\t\t\t\t<div class=\"elementor-element elementor-element-5d0bfcf elementor-aspect-ratio-169 elementor-widget elementor-widget-video\" data-id=\"5d0bfcf\" data-element_type=\"widget\" data-settings=\"{&quot;youtube_url&quot;:&quot;https:\\\/\\\/youtu.be\\\/LM_4TOBe8nU&quot;,&quot;video_type&quot;:&quot;youtube&quot;,&quot;controls&quot;:&quot;yes&quot;,&quot;aspect_ratio&quot;:&quot;169&quot;}\" data-widget_type=\"video.default\">\n\t\t\t\t<div class=\"elementor-widget-container\">\n\t\t\t\t\t<div class=\"elementor-wrapper elementor-fit-aspect-ratio elementor-open-inline\">\n\t\t\t<div class=\"elementor-video\"><\/div>\t\t<\/div>\n\t\t\t\t<\/div>\n\t\t\t\t<\/div>\n\t\t\t\t<div class=\"elementor-element elementor-element-62c89bb elementor-widget elementor-widget-image\" data-id=\"62c89bb\" data-element_type=\"widget\" data-widget_type=\"image.default\">\n\t\t\t\t<div class=\"elementor-widget-container\">\n\t\t\t\t\t\t\t\t\t\t\t\t\t\t\t<img width=\"1024\" height=\"683\" src=\"https:\/\/www.leynacionaldedanza.org\/wp-content\/uploads\/2022\/11\/WhatsApp-Image-2022-11-09-at-2.48.56-PM-1024x683.jpeg\" class=\"attachment-large size-large\" alt=\"\" loading=\"lazy\" srcset=\"https:\/\/www.leynacionaldedanza.org\/wp-content\/uploads\/2022\/11\/WhatsApp-Image-2022-11-09-at-2.48.56-PM-1024x683.jpeg 1024w, https:\/\/www.leynacionaldedanza.org\/wp-content\/uploads\/2022\/11\/WhatsApp-Image-2022-11-09-at-2.48.56-PM-300x200.jpeg 300w, https:\/\/www.leynacionaldedanza.org\/wp-content\/uploads\/2022\/11\/WhatsApp-Image-2022-11-09-at-2.48.56-PM-768x512.jpeg 768w, https:\/\/www.leynacionaldedanza.org\/wp-content\/uploads\/2022\/11\/WhatsApp-Image-2022-11-09-at-2.48.56-PM.jpeg 1079w\" sizes=\"(max-width: 1024px) 100vw, 1024px\" \/>\t\t\t\t\t\t\t\t\t\t\t\t\t\t\t<\/div>\n\t\t\t\t<\/div>\n\t\t\t\t\t<\/div>\n\t\t<\/div>\n\t\t\t\t\t\t\t<\/div>\n\t\t<\/section>\n\t\t\t\t<section class=\"elementor-section elementor-top-section elementor-element elementor-element-df07c4f elementor-section-boxed elementor-section-height-default elementor-section-height-default\" data-id=\"df07c4f\" data-element_type=\"section\">\n\t\t\t\t\t\t<div class=\"elementor-container elementor-column-gap-default\">\n\t\t\t\t\t<div class=\"elementor-column elementor-col-100 elementor-top-column elementor-element elementor-element-b06f4e0\" data-id=\"b06f4e0\" data-element_type=\"column\">\n\t\t\t<div class=\"elementor-widget-wrap elementor-element-populated\">\n\t\t\t\t\t\t\t\t<div class=\"elementor-element elementor-element-f142e52 elementor-widget elementor-widget-text-editor\" data-id=\"f142e52\" data-element_type=\"widget\" data-widget_type=\"text-editor.default\">\n\t\t\t\t<div class=\"elementor-widget-container\">\n\t\t\t\t\t\t\t<p>PRESENTACI\u00d3N<b> DEL 8 de NOVIEMBRE<\/b><\/p><p><b>MOVIMIENTO POR LA LEY NACIONAL DE DANZA<\/b><\/p><p><span style=\"font-weight: 400;\">Antes que nada, y como representantes del sector de la danza, quisi\u00e9ramos agradecer el acompa\u00f1amiento a lxs diputados y al <strong>Ministerio de Cultura de la Naci\u00f3n<\/strong>, en esta nueva presentaci\u00f3n de la Ley Nacional de Danza, as\u00ed como la presencia de quienes est\u00e1n hoy ac\u00e1, adentro y afuera de este recinto.\u00a0<\/span><\/p><p><span style=\"font-weight: 400;\">El anteproyecto es el fruto de una extensa lucha de la comunidad de las danzas todas en funci\u00f3n de lograr una legislaci\u00f3n de fomento para el sector, impulsando la creaci\u00f3n de un Instituto Nacional de Danza, en la \u00f3rbita del Ministerio de Cultura de la Naci\u00f3n. Fue presentado por primera vez en la C\u00e1mara de Diputados el 3 de septiembre de 2012, y desde entonces ha sido reingresado con periodicidad, a veces de modo particular y otras con acompa\u00f1amiento de legisladores y legisladoras. Siempre respaldado por m\u00e1s de 10.000 firmas de trabajadoras y trabajadores de todo el pa\u00eds, organizaciones del sector. Asimismo, ha obtenido a lo largo de estos a\u00f1os reconocimientos, declaraciones de inter\u00e9s y adhesiones de instituciones educativas y parlamentos provinciales y municipales.\u00a0<\/span><\/p><p><span style=\"font-weight: 400;\">En esta octava presentaci\u00f3n realizada por el <strong>Movimiento por la Ley Nacional de Danza<\/strong> junto al <strong>Frente de Emergencia de la Danza<\/strong> y cientos de organizaciones del sector de todo el pa\u00eds,\u00a0 con las firmas de diputadas y diputados nacionales y el apoyo del Ministerio de Cultura de la Naci\u00f3n; tenemos la esperanza y convicci\u00f3n de que se alcance su tratamiento y aprobaci\u00f3n.<\/span><\/p><p><span style=\"font-weight: 400;\">Consideramos que la danza, tanto en su manifestaci\u00f3n art\u00edstica como social, forma parte de la cultura y como tal, es parte central de nuestra identidad como sociedad, nos permite asumirnos como Naci\u00f3n y al mismo tiempo nos atraviesa y nos relaciona con la historia, con el presente y con el futuro en un constante dinamismo, componiendo nuestro patrimonio y soberan\u00eda en clave pluricultural.\u00a0 Cada a\u00f1o nacen nuevas y diferentes propuestas de danza, en su diversidad de pr\u00e1cticas: aquellas vinculadas al espect\u00e1culo, la investigaci\u00f3n, la educaci\u00f3n, el trabajo socio-comunitario, la salud, etc. En este sentido, la danza se ha desarrollado no s\u00f3lo al interior de su campo art\u00edstico sino tambi\u00e9n como una pr\u00e1ctica valiosa para la sociedad. La cultura est\u00e1 activa y por lo tanto, es p\u00fablica y debe ser objeto de protecci\u00f3n, promoci\u00f3n y fomento del Estado.<\/span><\/p><p><span style=\"font-weight: 400;\">De este modo, la danza genera no s\u00f3lo trabajos y actividades econ\u00f3micas sino que constituye un valor cultural para nuestra sociedad. No obstante, es un sector hist\u00f3ricamente postergado, especialmente en comparaci\u00f3n con las dem\u00e1s \u00e1reas de la cultura. Quiz\u00e1s esto se deba al car\u00e1cter principalmente artesanal de su labor, o a que es un colectivo conformado fundamentalmente por mujeres y diversidades. En cualquier caso, es tarea del Estado resguardar la actividad, fomentarla y legislar en pos de la igualdad.<\/span><\/p><p><span style=\"font-weight: 400;\">La danza posee particularidades que hacen que requiera de medidas espec\u00edficas para el fortalecimiento de su producci\u00f3n, calidad, diversidad en la oferta-demanda y distribuci\u00f3n. Varios han sido los intentos de las los y les trabajadores y trabajadoras de la danza por lograr un marco jur\u00eddico para la actividad sin llegar a concretarse m\u00e1s que a trav\u00e9s de soluciones parciales.\u00a0<\/span><\/p><p><span style=\"font-weight: 400;\">La necesidad de una legislaci\u00f3n integral para la danza no es s\u00f3lo una bandera que enarbola cada vez con m\u00e1s vigor la comunidad de la danza sino que, adem\u00e1s, ha sido reconocida por el \u201c1er Congreso Argentino de Cultura\u201d realizado en Mar del Plata en el a\u00f1o 2006. En \u00e9l se concluy\u00f3, entre otras cosas, que era necesario crear un marco legal para aquellas artes esc\u00e9nicas que no poseyeran a\u00fan este resguardo.<\/span><\/p><p><span style=\"font-weight: 400;\">Este proyecto de ley establece fundamentalmente y en primer lugar, el reconocimiento por parte del Estado del valor de la danza en nuestra sociedad, el reconocimiento de la danza como actividad y el reconocimiento de las, los y les trabajadores de la danza como sujetos de derecho.<\/span><\/p><p><span style=\"font-weight: 400;\">En segundo lugar, el proyecto establece un r\u00e9gimen de fomento para la danza, y para hacerlo, crea su Instituto. La creaci\u00f3n de un organismo que se ocupe de la pol\u00edtica integral de la danza en la Argentina resulta imprescindible.<\/span><\/p><p><span style=\"font-weight: 400;\">En este sentido, cuando hablamos de danza y derecho a la cultura, lo hacemos en relaci\u00f3n al derecho inalienable de todas y todos los ciudadanos a acceder a los bienes culturales que no se da s\u00f3lo en car\u00e1cter de hacedores, creadores sino, imbricadamente, como receptores, consumidores o espectadores, correlativamente part\u00edcipes y activos. Por ende, el fomento de la danza por parte del Estado no es s\u00f3lo una necesidad imprescindible para sus trabajadoras y trabajadores sino tambi\u00e9n y muy especialmente para todo nuestro pueblo como principal destinatario.\u00a0<\/span><\/p><p><span style=\"font-weight: 400;\">Las pol\u00edticas p\u00fablicas para la danza en la Argentina hasta el momento han avanzado en dos aspectos: por un lado, el aspecto educativo, y por el otro en ciertos aportes hacia la profesionalizaci\u00f3n, pero sigue vacante el fomento y promoci\u00f3n de toda la actividad de la danza a nivel nacional.<\/span><\/p><p><span style=\"font-weight: 400;\">Reconocemos y valoramos la existencia de \u00e1mbitos de formaci\u00f3n profesional que implican la educaci\u00f3n p\u00fablica temprana en danza, el perfeccionamiento y la formaci\u00f3n universitaria. Por otro lado, entendemos el car\u00e1cter fundamental de la existencia de las compa\u00f1\u00edas estables creadas a nivel nacional, provincial y municipal, de los festivales y de l\u00edneas de fomento existentes en otros organismos no espec\u00edficos.<\/span><\/p><p><span style=\"font-weight: 400;\">Sin embargo, todas estas instancias resultan insuficientes para el desarrollo integral hacia la profesionalizaci\u00f3n de la danza toda, ya que no terminan de constituir una pol\u00edtica estrat\u00e9gica.<\/span><\/p><p><span style=\"font-weight: 400;\">A pesar de todo esto, la danza circula, existe y se desarrolla impulsada y sostenida principalmente por sus propias trabajadoras y trabajadores. La actividad\u00a0 est\u00e1 contemplada en la Ley 24.269\/93, que aprueba en nuestro pa\u00eds la \u201cRecomendaci\u00f3n relativa a la condici\u00f3n de artista\u201d, y no deber\u00eda quedar ya fuera de las legislaciones existentes que promueven y protegen otras disciplinas de la cultura nacional.<\/span><\/p><p><span style=\"font-weight: 400;\">En el marco de la emergencia (sanitaria, econ\u00f3mica y cultural) a ra\u00edz de la pandemia que atraves\u00f3 el mundo y nuestro pa\u00eds, la precariedad del contexto descripto, se hizo m\u00e1s evidente. Por lo tanto, sostenemos la necesidad imperiosa de contar con esta herramienta fundamental y urgente para acompa\u00f1ar la recuperaci\u00f3n del sector y el futuro desarrollo de la actividad; objetivo que se viene sosteniendo a trav\u00e9s de a\u00f1os de trabajo ininterrumpido y habiendo presentado m\u00faltiples veces en el parlamento este proyecto de ley.<\/span><\/p><p><span style=\"font-weight: 400;\">Por todo esto, hoy volvemos a presentar la Ley Nacional de Danza hist\u00f3rica, tras un largo recorrido de concientizaci\u00f3n y difusi\u00f3n de su finalidad y objetivos, lo que ha resultado en el apoyo de las diputadas y diputados, as\u00ed como del Ministerio de Cultura de la Naci\u00f3n.<\/span><\/p><p><span style=\"font-weight: 400;\">Celebramos este acompa\u00f1amiento ya que la ley ser\u00e1 un aporte a todo el pueblo argentino, nuestra cultura y soberan\u00eda.<\/span><\/p><p><b>\u00a1QUE SEA LEY!<\/b><\/p>\t\t\t\t\t\t<\/div>\n\t\t\t\t<\/div>\n\t\t\t\t\t<\/div>\n\t\t<\/div>\n\t\t\t\t\t\t\t<\/div>\n\t\t<\/section>\n\t\t\t\t<section class=\"elementor-section elementor-top-section elementor-element elementor-element-dc5808d elementor-section-boxed elementor-section-height-default elementor-section-height-default\" data-id=\"dc5808d\" data-element_type=\"section\">\n\t\t\t\t\t\t<div class=\"elementor-container elementor-column-gap-default\">\n\t\t\t\t\t<div class=\"elementor-column elementor-col-100 elementor-top-column elementor-element elementor-element-ec89e29\" data-id=\"ec89e29\" data-element_type=\"column\">\n\t\t\t<div class=\"elementor-widget-wrap elementor-element-populated\">\n\t\t\t\t\t\t\t\t<div class=\"elementor-element elementor-element-5476d4a elementor-widget elementor-widget-image\" data-id=\"5476d4a\" data-element_type=\"widget\" data-widget_type=\"image.default\">\n\t\t\t\t<div class=\"elementor-widget-container\">\n\t\t\t\t\t\t\t\t\t\t\t\t\t\t\t<img width=\"1024\" height=\"514\" src=\"https:\/\/www.leynacionaldedanza.org\/wp-content\/uploads\/2020\/05\/LOGO-MOVIMIENTO-PNG-1024x514.png\" class=\"attachment-large size-large\" alt=\"\" loading=\"lazy\" srcset=\"https:\/\/www.leynacionaldedanza.org\/wp-content\/uploads\/2020\/05\/LOGO-MOVIMIENTO-PNG-1024x514.png 1024w, https:\/\/www.leynacionaldedanza.org\/wp-content\/uploads\/2020\/05\/LOGO-MOVIMIENTO-PNG-300x151.png 300w, https:\/\/www.leynacionaldedanza.org\/wp-content\/uploads\/2020\/05\/LOGO-MOVIMIENTO-PNG-768x385.png 768w, https:\/\/www.leynacionaldedanza.org\/wp-content\/uploads\/2020\/05\/LOGO-MOVIMIENTO-PNG-1536x771.png 1536w, https:\/\/www.leynacionaldedanza.org\/wp-content\/uploads\/2020\/05\/LOGO-MOVIMIENTO-PNG-2048x1028.png 2048w\" sizes=\"(max-width: 1024px) 100vw, 1024px\" \/>\t\t\t\t\t\t\t\t\t\t\t\t\t\t\t<\/div>\n\t\t\t\t<\/div>\n\t\t\t\t\t<\/div>\n\t\t<\/div>\n\t\t\t\t\t\t\t<\/div>\n\t\t<\/section>\n\t\t\t\t\t\t\t<\/div>\n\t\t","protected":false},"excerpt":{"rendered":"<p>PRESENTACI\u00d3N DEL 8 de NOVIEMBRE MOVIMIENTO POR LA LEY NACIONAL DE DANZA Antes que nada, y como representantes del sector de la danza, quisi\u00e9ramos agradecer el acompa\u00f1amiento a lxs diputados y al Ministerio de Cultura de la Naci\u00f3n, en esta nueva presentaci\u00f3n de la Ley Nacional de Danza, as\u00ed como la presencia de quienes est\u00e1n &hellip;<\/p>\n<p class=\"read-more\"> <a class=\"\" href=\"https:\/\/www.leynacionaldedanza.org\/?p=371\"> <span class=\"screen-reader-text\">DISCURSO DE PRESENTACI\u00d3N DEL MOVIMIENTO POR LA LEY NACIONAL DE DANZA<\/span> Leer m\u00e1s &raquo;<\/a><\/p>\n","protected":false},"author":1,"featured_media":0,"comment_status":"closed","ping_status":"closed","sticky":false,"template":"","format":"standard","meta":[],"categories":[1],"tags":[],"_links":{"self":[{"href":"https:\/\/www.leynacionaldedanza.org\/index.php?rest_route=\/wp\/v2\/posts\/371"}],"collection":[{"href":"https:\/\/www.leynacionaldedanza.org\/index.php?rest_route=\/wp\/v2\/posts"}],"about":[{"href":"https:\/\/www.leynacionaldedanza.org\/index.php?rest_route=\/wp\/v2\/types\/post"}],"author":[{"embeddable":true,"href":"https:\/\/www.leynacionaldedanza.org\/index.php?rest_route=\/wp\/v2\/users\/1"}],"replies":[{"embeddable":true,"href":"https:\/\/www.leynacionaldedanza.org\/index.php?rest_route=%2Fwp%2Fv2%2Fcomments&post=371"}],"version-history":[{"count":19,"href":"https:\/\/www.leynacionaldedanza.org\/index.php?rest_route=\/wp\/v2\/posts\/371\/revisions"}],"predecessor-version":[{"id":410,"href":"https:\/\/www.leynacionaldedanza.org\/index.php?rest_route=\/wp\/v2\/posts\/371\/revisions\/410"}],"wp:attachment":[{"href":"https:\/\/www.leynacionaldedanza.org\/index.php?rest_route=%2Fwp%2Fv2%2Fmedia&parent=371"}],"wp:term":[{"taxonomy":"category","embeddable":true,"href":"https:\/\/www.leynacionaldedanza.org\/index.php?rest_route=%2Fwp%2Fv2%2Fcategories&post=371"},{"taxonomy":"post_tag","embeddable":true,"href":"https:\/\/www.leynacionaldedanza.org\/index.php?rest_route=%2Fwp%2Fv2%2Ftags&post=371"}],"curies":[{"name":"wp","href":"https:\/\/api.w.org\/{rel}","templated":true}]}}