{"id":351,"date":"2022-11-11T12:36:09","date_gmt":"2022-11-11T12:36:09","guid":{"rendered":"https:\/\/www.leynacionaldedanza.org\/?p=351"},"modified":"2023-05-02T21:22:12","modified_gmt":"2023-05-02T21:22:12","slug":"8-de-noviembre-nuevo-ingreso-del-proyecto-de-ley-nacional-de-danza","status":"publish","type":"post","link":"https:\/\/www.leynacionaldedanza.org\/?p=351","title":{"rendered":"8 de noviembre, NUEVO INGRESO DEL PROYECTO DE LEY NACIONAL DE DANZA"},"content":{"rendered":"\t\t<div data-elementor-type=\"wp-post\" data-elementor-id=\"351\" class=\"elementor elementor-351\">\n\t\t\t\t\t\t\t\t\t<section class=\"elementor-section elementor-top-section elementor-element elementor-element-fabbaaf elementor-section-boxed elementor-section-height-default elementor-section-height-default\" data-id=\"fabbaaf\" data-element_type=\"section\">\n\t\t\t\t\t\t<div class=\"elementor-container elementor-column-gap-default\">\n\t\t\t\t\t<div class=\"elementor-column elementor-col-100 elementor-top-column elementor-element elementor-element-6369003\" data-id=\"6369003\" data-element_type=\"column\">\n\t\t\t<div class=\"elementor-widget-wrap elementor-element-populated\">\n\t\t\t\t\t\t\t\t<div class=\"elementor-element elementor-element-9affd99 elementor-aspect-ratio-916 elementor-widget elementor-widget-video\" data-id=\"9affd99\" data-element_type=\"widget\" data-settings=\"{&quot;youtube_url&quot;:&quot;https:\\\/\\\/youtu.be\\\/EOKm6FTLEto&quot;,&quot;start&quot;:0,&quot;autoplay&quot;:&quot;yes&quot;,&quot;play_on_mobile&quot;:&quot;yes&quot;,&quot;mute&quot;:&quot;yes&quot;,&quot;loop&quot;:&quot;yes&quot;,&quot;aspect_ratio&quot;:&quot;916&quot;,&quot;video_type&quot;:&quot;youtube&quot;,&quot;controls&quot;:&quot;yes&quot;}\" data-widget_type=\"video.default\">\n\t\t\t\t<div class=\"elementor-widget-container\">\n\t\t\t\t\t<div class=\"elementor-wrapper elementor-fit-aspect-ratio elementor-open-inline\">\n\t\t\t<div class=\"elementor-video\"><\/div>\t\t<\/div>\n\t\t\t\t<\/div>\n\t\t\t\t<\/div>\n\t\t\t\t\t<\/div>\n\t\t<\/div>\n\t\t\t\t\t\t\t<\/div>\n\t\t<\/section>\n\t\t\t\t<section class=\"elementor-section elementor-top-section elementor-element elementor-element-10b5fd1 elementor-section-boxed elementor-section-height-default elementor-section-height-default\" data-id=\"10b5fd1\" data-element_type=\"section\">\n\t\t\t\t\t\t<div class=\"elementor-container elementor-column-gap-default\">\n\t\t\t\t\t<div class=\"elementor-column elementor-col-100 elementor-top-column elementor-element elementor-element-cede675\" data-id=\"cede675\" data-element_type=\"column\">\n\t\t\t<div class=\"elementor-widget-wrap elementor-element-populated\">\n\t\t\t\t\t\t\t\t<div class=\"elementor-element elementor-element-e632449 elementor-widget elementor-widget-text-editor\" data-id=\"e632449\" data-element_type=\"widget\" data-widget_type=\"text-editor.default\">\n\t\t\t\t<div class=\"elementor-widget-container\">\n\t\t\t\t\t\t\t<h3><b><span style=\"color: #9e1313;\">NUEVA PRESENTACI\u00d3N DE LA LEY NACIONAL DE DANZA<\/span>\u00a0<\/b><\/h3><p><span style=\"color: #3366ff; font-size: 14pt;\"><a style=\"color: #3366ff;\" href=\"https:\/\/www.leynacionaldedanza.org\/wp-content\/uploads\/2022\/11\/Exp.-5950-D-2022-LEY-NACIONAL-DE-DANZA.pdf\"><b>DESCARGA EL PROYECTO AC\u00c1<\/b><\/a><\/span><\/p><p><span style=\"font-weight: 400;\">El pasado martes <\/span><b>8 de noviembre a las 18.30h<\/b><span style=\"font-weight: 400;\"> en el Sal\u00f3n <\/span><b>Auditorio Anexo A de la C\u00e1mara de Diputadxs de la Naci\u00f3n (Rivadavia 1841, CABA)<\/b><span style=\"font-weight: 400;\"> se present\u00f3 por 8va vez el proyecto de <\/span><b>Ley Nacional de Danza.\u00a0<\/b><\/p><p><span style=\"font-weight: 400;\">Este proyecto, impulsado por el <\/span><b>Movimiento por la Ley Nacional de Danza <\/b><span style=\"font-weight: 400;\">junto al Frente de Emergencia de la Danza y cientos de organizaciones del sector, cuenta con el apoyo del <\/span><b>Ministerio de Cultura de la Naci\u00f3n <\/b><span style=\"font-weight: 400;\">y fue presentado por lxs diputadxs nacionales <\/span><b>Marisa Uceda, Jimena L\u00f3pez, L\u00eda Caliva, Alejandro \u201cTopo\u201d Rodr\u00edguez, Gabriela Estevez, Carolina Mois\u00e9s, Carolina Gaillard, Estela Neder, Rosana Bertone, Paula Penacca, Leonardo Grosso, Pablo Carro, Leila Chaher, Paola Vessvessian, Emiliano Estrada, Itai Hagman, Pamela Calletti, Natalia Souto, Juan Carlos Alderete, <\/b><span style=\"font-weight: 400;\">y m\u00e1s diputadxs adherentes.\u00a0<\/span><\/p><p><span style=\"font-weight: 400;\">La jornada comenz\u00f3 con una movilizaci\u00f3n en apoyo en las inmediaciones del Congreso Nacional y luego se realiz\u00f3 un evento para formalizar la presentaci\u00f3n en donde artistas trabajadorxs del sector participaron esc\u00e9nicamente: la compa\u00f1\u00eda Casta Diva, dirigida por M\u00f3nica Fracchia present\u00f3 el solo La Chavela, fragmento de su obra \u201cSudakas\u201d, interpretado por Valentina Mart\u00ednez, luego fue el turno de Candela Rodr\u00edguez, integrante de la Compa\u00f1\u00eda Nacional de Danza Contempor\u00e1nea con un solo de creaci\u00f3n propia; seguido por \u201cQuejas de Bandone\u00f3n\u201d un brillante tango interpretado por Daniela Bravo y Lucas Guevara, la danza andina se hizo presente junto a Eva Luz Mart\u00ednez\u00a0 desde Jujuy con el solo \u201cBailo para saber\u201d; luego la interpretaci\u00f3n de un fragmento de \u201cLa muerte del cisne\u201d por Jade Gorosito Satue y el solo de boleadoras y poncho interpretado por el bailar\u00edn Marcos Orme\u00f1o de la Provincia de la Rioja.\u00a0<\/span><\/p><p><span style=\"font-weight: 400;\">La presentaci\u00f3n fue encabezada por las diputadas Marisa Uceda, Maria Jimena L\u00f3pez y L\u00eda Caliva, quienes expresaron su apoyo y compromiso con el pronto tratamiento de esta legislaci\u00f3n, al igual que sostuvieron la importancia de promulgar legislaciones que atiendan necesidades de colectivos de mujeres y diversidades postergados como el caso de la danza.\u00a0 La diputada Marisa Useda destac\u00f3 \u201cque la creaci\u00f3n de un Instituto Nacional nos va a permitir el fomento y la defensa de la danza y federalizar los instrumentos estatales, y que la promulgaci\u00f3n de esta ley permitir\u00e1 avanzar en un camino de reconocimiento de los derechos de lxs trabajadorxs de la cultura\u201d. As\u00ed mismo la diputada L\u00eda Caliva dijo \u201cque en este contexto donde quieren arremeter contra los derechos de lxs trabajadorxs, debemos redoblar la apuesta y que debemos pensar que no puede haber industrias culturales sin derechos laborales\u201d, tambi\u00e9n remarc\u00f3, \u201cla importancia de dejar a nuestrxs j\u00f3venes una ley que lxs ampare y proteja\u201d. Luego, la diputada Jimena L\u00f3pez hizo hincapi\u00e9 sobre \u201cla exclusi\u00f3n permanente de las mujeres y diversidades en todos los sectores\u201d, marcando la transversalidad del patriarcado, \u201cinclusive en el arte en donde a las mujeres se nos reconoce como musas y no como hacedoras\u201d.<\/span><\/p><p><span style=\"font-weight: 400;\">La mesa fue integrada adem\u00e1s por Eugenia Cad\u00fas (CABA), Alma Canobbio (Salta) y Eugenia Schvartzman (CABA) integrantes del Movimiento por la Ley Nacional de Danza y de la Asociaci\u00f3n Argentina de Trabajadorxs de la Danza &#8211; AATDa, quienes presentaron un contundente documento que expresa en profundidad el contexto actual del sector de la danza, los lineamientos ideol\u00f3gicos que fundamentan la creaci\u00f3n de un Instituto nacional de Danza y el recorrido hist\u00f3rico del proyecto de ley.<\/span><\/p><p><span style=\"font-weight: 400;\">Adem\u00e1s a trav\u00e9s de la conexi\u00f3n virtual, sumaron sus palabras de apoyo representantes de la danza de distintos territorios: Luc\u00eda Saleh, integrante del Movimiento Riojano de Danza y de la Asociaci\u00f3n Argentina de Trabajadorxs de la Danza &#8211; AATDa de La Rioja, Sara Ver\u00f3n, de la Asociaci\u00f3n Mendocina de Profesionales de la Danza y AATDa, Mendoza y Ver\u00f3nica Rodr\u00edguez, de COBAI, Asociaci\u00f3n Independiente de Bailarinas, core\u00f3grafxs e investigadores del Movimiento y expresi\u00f3n corporal de Rosario, Santa Fe.\u00a0<\/span><\/p><p><span style=\"font-weight: 400;\">El evento cont\u00f3 con la participaci\u00f3n presencial de representantes institucionales y referentes de organizaciones sociales entre los que destacamos a Sebasti\u00e1n Berardi, Director de Organismos descentralizados del Ministerio de Cultura de la Naci\u00f3n, Marina Femenia, Parlamentaria del Mercosur, Florencia Saintout, Presidenta del Instituto cultural de la Provincia de Buenos Aires, Mar\u00eda Martha Gigena, Decana del Departamento de Artes del Movimiento de la UNA, Diana Piazza, vicerrectora de la Universidad de las Artes, Patricia Dor\u00edn, Secretar\u00eda de Extensi\u00f3n y Bienestar Estudiantil DAM\/UNA,\u00a0 Ricardo Cuyul Dieu, Secretario Acad\u00e9mico Departamento de Folklore UNA, Ver\u00f3nica Litvak, Consejera suiplente por el claustro de graduadxs de la UNA, Gustavo Uano, Director Ejecutivo del Instituto Nacional del Teatro, Hugo Cachorro Godoy, Secretario general de la CTA Aut\u00f3noma junto a miembros de su mesa Ejecutiva Nacional, Margarita Fern\u00e1ndez, directora de la Compa\u00f1\u00eda Nacional de Danza Contempor\u00e1nea, Alicia Mu\u00f1oz, exdirectora de la Escuela Municipal de Danzas Jorge Donn, Mara Padilla, coordinadora del \u00e1rea de danza del Centro Cultural Haroldo Conti, Catalina Lescano responsable de danza de Tecn\u00f3polis, In\u00e9s Armas, coordinadora del \u00e1rea de danza del CCK, Yamila Cruz Valla, Coordinadora del Programa Danza Esc\u00e9nica Bonaerense y directora del Festival Danza x la identidad, M\u00f3nica Vega, Directora del festival DANZARIUM de Bariloche, Hern\u00e1n Nocioni, delegado del Ballet Folcl\u00f3rico Nacional, Ernesto Chac\u00f3n Uribe, fundador y bailar\u00edn de la Compa\u00f1\u00eda Nacional de Danza Contempor\u00e1nea.<\/span><\/p><p><span style=\"font-weight: 400;\">Finalmente, las compa\u00f1eras y referentas del Movimiento por la Ley Nacional de Danza coincidieron en el esfuerzo y constancia del sector, para llevar adelante esta lucha de manera colectiva, coincidiendo con las diputadas en que la feminizaci\u00f3n de nuestra pr\u00e1ctica ha sido probablemente el nodo central por el cu\u00e1l se ha visto relegada de manera sistem\u00e1tica la concreci\u00f3n de sanci\u00f3n de una ley tan anhelada como necesaria. En cuanto a los extensos fundamentos que dan sustento a esta ley, destacaron que la danza, en tanto manifestaci\u00f3n art\u00edstica y social, forma parte no solo de la cultura sino tambi\u00e9n de nuestra identidad como sociedad. Nos permite asumirnos como Naci\u00f3n y al mismo tiempo nos atraviesa y nos relaciona con la historia, con el presente y con el futuro en un constante dinamismo, componiendo nuestro patrimonio y soberan\u00eda.<\/span><\/p><p><span style=\"font-weight: 400;\">Este proyecto hist\u00f3rico cuenta con m\u00e1s de 10.000 firmas de apoyo, reconocimientos y adhesiones de instituciones educativas y parlamentos provinciales y municipales, ha sido presentado por el Movimiento por la Ley Nacional de Danza, en representaci\u00f3n del sector desde el a\u00f1o 2014. En esta oportunidad, por primera vez cuenta con el apoyo del Ministerio de Cultura de la Naci\u00f3n, que junto a lxs diputadxs firmantes han asumido el valioso compromiso con la comunidad de la danza de impulsar esta iniciativa que implica la creaci\u00f3n de un Instituto Nacional de Danza que proteja y fomente el desarrollo de las danzas en todo el territorio nacional.<\/span><\/p><p><span style=\"font-weight: 400;\">Se espera su pronto tratamiento en la C\u00e1mara de Diputados de la Naci\u00f3n para avanzar en pol\u00edticas espec\u00edficas destinadas a un inmenso colectivo de trabajadorxs de la cultura integrado principalmente por mujeres y disidencias.\u00a0<\/span><\/p><p>\u00a0<\/p>\t\t\t\t\t\t<\/div>\n\t\t\t\t<\/div>\n\t\t\t\t\t<\/div>\n\t\t<\/div>\n\t\t\t\t\t\t\t<\/div>\n\t\t<\/section>\n\t\t\t\t<section class=\"elementor-section elementor-top-section elementor-element elementor-element-1aecaa5 elementor-section-boxed elementor-section-height-default elementor-section-height-default\" data-id=\"1aecaa5\" data-element_type=\"section\">\n\t\t\t\t\t\t<div class=\"elementor-container elementor-column-gap-default\">\n\t\t\t\t\t<div class=\"elementor-column elementor-col-100 elementor-top-column elementor-element elementor-element-9ac85a9\" data-id=\"9ac85a9\" data-element_type=\"column\">\n\t\t\t<div class=\"elementor-widget-wrap elementor-element-populated\">\n\t\t\t\t\t\t\t\t<div class=\"elementor-element elementor-element-5378fda elementor-aspect-ratio-169 elementor-widget elementor-widget-video\" data-id=\"5378fda\" data-element_type=\"widget\" data-settings=\"{&quot;youtube_url&quot;:&quot;https:\\\/\\\/youtu.be\\\/LM_4TOBe8nU&quot;,&quot;video_type&quot;:&quot;youtube&quot;,&quot;controls&quot;:&quot;yes&quot;,&quot;aspect_ratio&quot;:&quot;169&quot;}\" data-widget_type=\"video.default\">\n\t\t\t\t<div class=\"elementor-widget-container\">\n\t\t\t\t\t<div class=\"elementor-wrapper elementor-fit-aspect-ratio elementor-open-inline\">\n\t\t\t<div class=\"elementor-video\"><\/div>\t\t<\/div>\n\t\t\t\t<\/div>\n\t\t\t\t<\/div>\n\t\t\t\t\t<\/div>\n\t\t<\/div>\n\t\t\t\t\t\t\t<\/div>\n\t\t<\/section>\n\t\t\t\t\t\t\t<\/div>\n\t\t","protected":false},"excerpt":{"rendered":"<p>https:\/\/youtu.be\/EOKm6FTLEto NUEVA PRESENTACI\u00d3N DE LA LEY NACIONAL DE DANZA\u00a0 DESCARGA EL PROYECTO AC\u00c1 El pasado martes 8 de noviembre a las 18.30h en el Sal\u00f3n Auditorio Anexo A de la C\u00e1mara de Diputadxs de la Naci\u00f3n (Rivadavia 1841, CABA) se present\u00f3 por 8va vez el proyecto de Ley Nacional de Danza.\u00a0 Este proyecto, impulsado por &hellip;<\/p>\n<p class=\"read-more\"> <a class=\"\" href=\"https:\/\/www.leynacionaldedanza.org\/?p=351\"> <span class=\"screen-reader-text\">8 de noviembre, NUEVO INGRESO DEL PROYECTO DE LEY NACIONAL DE DANZA<\/span> Leer m\u00e1s &raquo;<\/a><\/p>\n","protected":false},"author":1,"featured_media":0,"comment_status":"closed","ping_status":"closed","sticky":false,"template":"","format":"standard","meta":[],"categories":[1],"tags":[],"_links":{"self":[{"href":"https:\/\/www.leynacionaldedanza.org\/index.php?rest_route=\/wp\/v2\/posts\/351"}],"collection":[{"href":"https:\/\/www.leynacionaldedanza.org\/index.php?rest_route=\/wp\/v2\/posts"}],"about":[{"href":"https:\/\/www.leynacionaldedanza.org\/index.php?rest_route=\/wp\/v2\/types\/post"}],"author":[{"embeddable":true,"href":"https:\/\/www.leynacionaldedanza.org\/index.php?rest_route=\/wp\/v2\/users\/1"}],"replies":[{"embeddable":true,"href":"https:\/\/www.leynacionaldedanza.org\/index.php?rest_route=%2Fwp%2Fv2%2Fcomments&post=351"}],"version-history":[{"count":14,"href":"https:\/\/www.leynacionaldedanza.org\/index.php?rest_route=\/wp\/v2\/posts\/351\/revisions"}],"predecessor-version":[{"id":413,"href":"https:\/\/www.leynacionaldedanza.org\/index.php?rest_route=\/wp\/v2\/posts\/351\/revisions\/413"}],"wp:attachment":[{"href":"https:\/\/www.leynacionaldedanza.org\/index.php?rest_route=%2Fwp%2Fv2%2Fmedia&parent=351"}],"wp:term":[{"taxonomy":"category","embeddable":true,"href":"https:\/\/www.leynacionaldedanza.org\/index.php?rest_route=%2Fwp%2Fv2%2Fcategories&post=351"},{"taxonomy":"post_tag","embeddable":true,"href":"https:\/\/www.leynacionaldedanza.org\/index.php?rest_route=%2Fwp%2Fv2%2Ftags&post=351"}],"curies":[{"name":"wp","href":"https:\/\/api.w.org\/{rel}","templated":true}]}}